{"id":6664,"date":"2026-07-31T11:24:09","date_gmt":"2026-07-31T09:24:09","guid":{"rendered":"https:\/\/tezeusz.pl\/blog\/?p=6664"},"modified":"2026-07-31T11:26:39","modified_gmt":"2026-07-31T09:26:39","slug":"ksiazki-dla-dzieci-w-ksiegarni-tezeusz-pl","status":"publish","type":"post","link":"https:\/\/tezeusz.pl\/blog\/2026\/07\/31\/ksiazki-dla-dzieci-w-ksiegarni-tezeusz-pl\/","title":{"rendered":"Ksi\u0105\u017cki dla dzieci w ksi\u0119garni Tezeusz.pl"},"content":{"rendered":"<p>Ksi\u0105\u017cki dla dzieci to wyj\u0105tkowy spos\u00f3b na wspieranie rozwoju najm\u0142odszych czytelnik\u00f3w i rozbudzanie ich ciekawo\u015bci \u015bwiata. Starannie wybrane tytu\u0142y, dopasowane do dzieci w r\u00f3\u017cnym wieku, pomagaj\u0105 rozwija\u0107 wyobra\u017ani\u0119, zainteresowania oraz wa\u017cne umiej\u0119tno\u015bci emocjonalne. W\u015br\u00f3d propozycji znajduj\u0105 si\u0119 ilustrowane bajki dla dzieci, ksi\u0105\u017cki o emocjach, ksi\u0105\u017cki edukacyjne oraz ksi\u0105\u017cki sensoryczne, kt\u00f3re anga\u017cuj\u0105 zmys\u0142y i zach\u0119caj\u0105 do odkrywania nowych temat\u00f3w. Wsp\u00f3lne czytanie warto\u015bciowych historii tworzy wyj\u0105tkow\u0105 przestrze\u0144 do rozmowy, nauki i budowania wi\u0119zi, wspieraj\u0105c rozw\u00f3j m\u0105drego dziecka od najm\u0142odszych lat.<\/p><div id=\"ez-toc-container\" class=\"ez-toc-v2_0_77 counter-hierarchy ez-toc-counter ez-toc-custom ez-toc-container-direction\">\n<div class=\"ez-toc-title-container\">\n<p class=\"ez-toc-title\" style=\"cursor:inherit\">Spis tre\u015bci<\/p>\n<span class=\"ez-toc-title-toggle\"><\/span><\/div>\n<nav><ul class='ez-toc-list ez-toc-list-level-1 ' ><li class='ez-toc-page-1 ez-toc-heading-level-2'><a class=\"ez-toc-link ez-toc-heading-1\" href=\"https:\/\/tezeusz.pl\/blog\/2026\/07\/31\/ksiazki-dla-dzieci-w-ksiegarni-tezeusz-pl\/#Najlepsze_ksiazki_dla_dzieci_%E2%80%93_wybor_pelen_wartosciowych_historii\" >Najlepsze ksi\u0105\u017cki dla dzieci \u2013\u00a0wyb\u00f3r pe\u0142en warto\u015bciowych historii<\/a><ul class='ez-toc-list-level-3' ><li class='ez-toc-heading-level-3'><a class=\"ez-toc-link ez-toc-heading-2\" href=\"https:\/\/tezeusz.pl\/blog\/2026\/07\/31\/ksiazki-dla-dzieci-w-ksiegarni-tezeusz-pl\/#Ciotka_Zgryzotka_%E2%80%93_Malgorzata_Musierowicz\" >Ciotka Zgryzotka &#8211; Ma\u0142gorzata Musierowicz<\/a><\/li><li class='ez-toc-page-1 ez-toc-heading-level-3'><a class=\"ez-toc-link ez-toc-heading-3\" href=\"https:\/\/tezeusz.pl\/blog\/2026\/07\/31\/ksiazki-dla-dzieci-w-ksiegarni-tezeusz-pl\/#Gerda_Historia_wieloryba_%E2%80%93_Peter_Kavecky\" >Gerda Historia wieloryba &#8211; Peter Kavecky<\/a><\/li><li class='ez-toc-page-1 ez-toc-heading-level-3'><a class=\"ez-toc-link ez-toc-heading-4\" href=\"https:\/\/tezeusz.pl\/blog\/2026\/07\/31\/ksiazki-dla-dzieci-w-ksiegarni-tezeusz-pl\/#Felek_i_Tola_i_nowy_sasiad_%E2%80%93_Sylvia_Vanden_Heede\" >Felek i Tola i nowy s\u0105siad &#8211; Sylvia Vanden Heede<\/a><\/li><li class='ez-toc-page-1 ez-toc-heading-level-3'><a class=\"ez-toc-link ez-toc-heading-5\" href=\"https:\/\/tezeusz.pl\/blog\/2026\/07\/31\/ksiazki-dla-dzieci-w-ksiegarni-tezeusz-pl\/#Maja_i_tajemnicza_szuflada_%E2%80%93_Agnieszka_Krawczyk\" >Maja i tajemnicza szuflada &#8211; Agnieszka Krawczyk<\/a><\/li><li class='ez-toc-page-1 ez-toc-heading-level-3'><a class=\"ez-toc-link ez-toc-heading-6\" href=\"https:\/\/tezeusz.pl\/blog\/2026\/07\/31\/ksiazki-dla-dzieci-w-ksiegarni-tezeusz-pl\/#Misia_i_jej_mali_pacjenci_Wakacje_nad_Narwia_%E2%80%93_Aniela_Cholewinska-Szkolik\" >Misia i jej mali pacjenci Wakacje nad Narwi\u0105 &#8211; Aniela Cholewi\u0144ska-Szkolik<\/a><\/li><li class='ez-toc-page-1 ez-toc-heading-level-3'><a class=\"ez-toc-link ez-toc-heading-7\" href=\"https:\/\/tezeusz.pl\/blog\/2026\/07\/31\/ksiazki-dla-dzieci-w-ksiegarni-tezeusz-pl\/#Mala_ksiega_madrosci_Kubusia_%E2%80%93_Brittany_Rubiano\" >Ma\u0142a ksi\u0119ga m\u0105dro\u015bci Kubusia &#8211; Brittany Rubiano<\/a><\/li><\/ul><\/li><li class='ez-toc-page-1 ez-toc-heading-level-2'><a class=\"ez-toc-link ez-toc-heading-8\" href=\"https:\/\/tezeusz.pl\/blog\/2026\/07\/31\/ksiazki-dla-dzieci-w-ksiegarni-tezeusz-pl\/#Ksiazeczki_edukacyjne_dla_dzieci_%E2%80%93_odkrywaj_swiat_przez_czytanie\" >Ksi\u0105\u017ceczki edukacyjne dla dzieci \u2013 odkrywaj \u015bwiat przez czytanie<\/a><ul class='ez-toc-list-level-3' ><li class='ez-toc-heading-level-3'><a class=\"ez-toc-link ez-toc-heading-9\" href=\"https:\/\/tezeusz.pl\/blog\/2026\/07\/31\/ksiazki-dla-dzieci-w-ksiegarni-tezeusz-pl\/#Poznaje_literki_Koloruje_i_wycinam_%E2%80%93_Olga_Klodnicka\" >Poznaj\u0119 literki. Koloruj\u0119 i wycinam &#8211; Olga K\u0142odnicka<\/a><\/li><li class='ez-toc-page-1 ez-toc-heading-level-3'><a class=\"ez-toc-link ez-toc-heading-10\" href=\"https:\/\/tezeusz.pl\/blog\/2026\/07\/31\/ksiazki-dla-dzieci-w-ksiegarni-tezeusz-pl\/#Nauka_czytania_%E2%80%93_Agnieszka_Lubkowska\" >Nauka czytania &#8211; Agnieszka \u0141ubkowska<\/a><\/li><li class='ez-toc-page-1 ez-toc-heading-level-3'><a class=\"ez-toc-link ez-toc-heading-11\" href=\"https:\/\/tezeusz.pl\/blog\/2026\/07\/31\/ksiazki-dla-dzieci-w-ksiegarni-tezeusz-pl\/#Liczymy_razem_%E2%80%93_Anno_Mitsumasa\" >Liczymy razem &#8211; Anno Mitsumasa<\/a><\/li><li class='ez-toc-page-1 ez-toc-heading-level-3'><a class=\"ez-toc-link ez-toc-heading-12\" href=\"https:\/\/tezeusz.pl\/blog\/2026\/07\/31\/ksiazki-dla-dzieci-w-ksiegarni-tezeusz-pl\/#Czytanki_sylabowe_z_obrazkami_%E2%80%93_Anna_Sojka\" >Czytanki sylabowe z obrazkami &#8211; Anna S\u00f3jka<\/a><\/li><\/ul><\/li><li class='ez-toc-page-1 ez-toc-heading-level-2'><a class=\"ez-toc-link ez-toc-heading-13\" href=\"https:\/\/tezeusz.pl\/blog\/2026\/07\/31\/ksiazki-dla-dzieci-w-ksiegarni-tezeusz-pl\/#Jak_wybrac_najlepsze_ksiazki_dla_dzieci_Przewodnik_dla_rodzicow\" >Jak wybra\u0107 najlepsze ksi\u0105\u017cki dla dzieci? Przewodnik dla rodzic\u00f3w<\/a><\/li><\/ul><\/nav><\/div>\n\n<h2><span class=\"ez-toc-section\" id=\"Najlepsze_ksiazki_dla_dzieci_%E2%80%93_wybor_pelen_wartosciowych_historii\"><\/span>Najlepsze ksi\u0105\u017cki dla dzieci \u2013\u00a0wyb\u00f3r pe\u0142en warto\u015bciowych historii<span class=\"ez-toc-section-end\"><\/span><\/h2>\n<h3><span class=\"ez-toc-section\" id=\"Ciotka_Zgryzotka_%E2%80%93_Malgorzata_Musierowicz\"><\/span><a href=\"https:\/\/tezeusz.pl\/ciotka-zgryzotka-malgorzata-musierowicz\">Ciotka Zgryzotka<\/a> &#8211; Ma\u0142gorzata Musierowicz<span class=\"ez-toc-section-end\"><\/span><\/h3>\n<p class=\"isSelectedEnd\">Kim w\u0142a\u015bciwie jest Ciotka Zgryzotka? Czy t\u0119 rol\u0119 pe\u0142ni wy\u0142\u0105cznie Ida? Co nowego wydarzy\u0142o si\u0119 w rodzinie Borejk\u00f3w? Czy jej grono pozosta\u0142o niezmienione, a mo\u017ce domownik\u00f3w przyby\u0142o jeszcze wi\u0119cej? Nast\u0119pna ods\u0142ona niezawodnej serii &#8222;Je\u017cycjady&#8221; \u2014 jak zwykle pe\u0142na humoru, ciep\u0142a i emocji \u2014 bawi, wzrusza, dodaje otuchy oraz zach\u0119ca do refleksji. Przede wszystkim jednak przypomina, \u017ce warto cieszy\u0107 si\u0119 \u017cyciem i odnajdywa\u0107 rado\u015b\u0107 mimo codziennych trosk i zmartwie\u0144.<\/p>\n<h3><span class=\"ez-toc-section\" id=\"Gerda_Historia_wieloryba_%E2%80%93_Peter_Kavecky\"><\/span><a href=\"https:\/\/tezeusz.pl\/gerda-historia-wieloryba-peter-kavecky\">Gerda Historia wieloryba<\/a> &#8211; Peter Kavecky<span class=\"ez-toc-section-end\"><\/span><\/h3>\n<p class=\"isSelectedEnd\">Czy ma\u0142ej Gerdzie uda si\u0119 odnale\u017a\u0107 to, czego naprawd\u0119 pragnie? Gerda prowadzi spokojne i radosne \u017cycie, gdy pewnego dnia spotyka j\u0105 niespodziewane wydarzenie. Nagle zostaje zupe\u0142nie sama i, przepe\u0142niona t\u0119sknot\u0105 oraz smutkiem, wyrusza przez ocean w poszukiwaniu szcz\u0119\u015bcia. W trakcie swojej niezwyk\u0142ej wyprawy poznaje wielu nowych przyjaci\u00f3\u0142 \u2014 orki, pingwiny, mewy, a nawet o\u015bmiornic\u0119. Ka\u017cde spotkane stworzenie przekazuje jej cenn\u0105 lekcj\u0119 i pomaga lepiej zrozumie\u0107 otaczaj\u0105cy j\u0105 \u015bwiat. Ma\u0142a wielorybka odkrywa nie tylko tajemnice \u017cycia innych istot, lecz tak\u017ce przekonuje si\u0119, jak pi\u0119kny, r\u00f3\u017cnorodny i pe\u0142en niezwyk\u0142o\u015bci jest \u015bwiat wok\u00f3\u0142 niej.<\/p>\n<h3><span class=\"ez-toc-section\" id=\"Felek_i_Tola_i_nowy_sasiad_%E2%80%93_Sylvia_Vanden_Heede\"><\/span><a href=\"https:\/\/tezeusz.pl\/felek-i-tola-i-nowy-sasiad-heede-sylvia-vanden\">Felek i Tola i nowy s\u0105siad<\/a> &#8211; Sylvia Vanden Heede<span class=\"ez-toc-section-end\"><\/span><\/h3>\n<p class=\"isSelectedEnd\">Felek i Tola powracaj\u0105 w wydaniu stworzonym specjalnie dla najm\u0142odszych czytelnik\u00f3w! Wi\u0119kszy format, trwa\u0142e kartonowe kartki i zupe\u0142nie nowe historie czekaj\u0105 na ma\u0142ych odkrywc\u00f3w. W przytulnej norce ukrytej po\u015br\u00f3d le\u015bnych drzew mieszka nieroz\u0142\u0105czny duet \u2014 lisek Felek i zaj\u0105czka Tola. Pewnej nocy ich spokojny sen przerywa tajemniczy odg\u0142os. W lesie s\u0142ycha\u0107 przeci\u0105g\u0142e: \u201eUhuu, uhuu!\u201d, a w dziupli pobliskiego drzewa nagle pojawia si\u0119 \u015bwiat\u0142o\u2026 Kim jest nocny go\u015b\u0107? Czy to zjawa, a mo\u017ce kto\u015b, kto chce co\u015b ukra\u015b\u0107? Felek i Tola postanawiaj\u0105 koniecznie to sprawdzi\u0107! Mi\u0142o\u015bnicy przyg\u00f3d Felka i Toli z pewno\u015bci\u0105 uciesz\u0105 si\u0119, \u017ce teraz tak\u017ce m\u0142odsze rodze\u0144stwo b\u0119dzie mog\u0142o pozna\u0107 tych sympatycznych bohater\u00f3w i zaprzyja\u017ani\u0107 si\u0119 z nimi. Kr\u00f3tka, przyst\u0119pna opowie\u015b\u0107 oraz du\u017ce, pe\u0142ne uroku ilustracje sprawi\u0105, \u017ce maluchy z zainteresowaniem b\u0119d\u0105 \u015bledzi\u0107 losy bohater\u00f3w, a solidne kartonowe strony poradz\u0105 sobie nawet z wielokrotnym ogl\u0105daniem ksi\u0105\u017cki.<\/p>\n<h3><span class=\"ez-toc-section\" id=\"Maja_i_tajemnicza_szuflada_%E2%80%93_Agnieszka_Krawczyk\"><\/span><a href=\"https:\/\/tezeusz.pl\/maja-i-tajemnicza-szuflada-agnieszka-krawczyk\">Maja i tajemnicza szuflada<\/a> &#8211; Agnieszka Krawczyk<span class=\"ez-toc-section-end\"><\/span><\/h3>\n<p class=\"isSelectedEnd\">Poznajcie Ekip\u0119 Badaczy oraz bystr\u0105 i ciekaw\u0105 \u015bwiata Maj\u0119. Dziewczynka ma dziesi\u0119\u0107 lat, a poniewa\u017c jej rodzice wyjechali na Spitsbergen, aby prowadzi\u0107 tam naukowe obserwacje, na jaki\u015b czas zamieszka\u0142a u swojej babci Irenki. Babcia jest niezwyk\u0142\u0105 osob\u0105 \u2014 przygotowuje najlepsze konfitury, potrafi szy\u0107 i robi\u0107 na szyde\u0142ku, a dodatkowo z energi\u0105 uczestniczy w zaj\u0119ciach zumby w Klubie Aktywnego Seniora. Maja zatrzymuje si\u0119 w pokoju, kt\u00f3ry kiedy\u015b nale\u017ca\u0142 do jej mamy. To w\u0142a\u015bnie tam znajduje si\u0119 biurko z tajemnicz\u0105 szuflad\u0105, skrywaj\u0105c\u0105 niezwyk\u0142\u0105 histori\u0119\u2026 Wkr\u00f3tce w okolicy zaczynaj\u0105 znika\u0107 wszystkie zegary! Czy Maja wraz z nowymi przyjaci\u00f3\u0142mi zdo\u0142a odkry\u0107, co kryje si\u0119 za t\u0105 zagadk\u0105? Pe\u0142na ciep\u0142a, humoru i niezwyk\u0142ych wydarze\u0144 opowie\u015b\u0107 o pomys\u0142owej Mai oraz jej fascynuj\u0105cych przygodach poka\u017ce czytelnikom, \u017ce czasem \u017cycie bez zegarka mo\u017ce by\u0107 naprawd\u0119 wyj\u0105tkowe.<\/p>\n<h3><span class=\"ez-toc-section\" id=\"Misia_i_jej_mali_pacjenci_Wakacje_nad_Narwia_%E2%80%93_Aniela_Cholewinska-Szkolik\"><\/span><a href=\"https:\/\/tezeusz.pl\/misia-i-jej-mali-pacjenci-wakacje-nad-narwia-aniela-cholewinska-szkolik\">Misia i jej mali pacjenci Wakacje nad Narwi\u0105<\/a> &#8211; Aniela Cholewi\u0144ska-Szkolik<span class=\"ez-toc-section-end\"><\/span><\/h3>\n<p class=\"isSelectedEnd\">Poznajcie Misi\u0119 \u2014 sympatyczn\u0105 o\u015bmiolatk\u0119, kt\u00f3ra prowadzi w\u0142asn\u0105 klinik\u0119 weterynaryjn\u0105. Dziewczynka ma wyj\u0105tkowy talent: potrafi porozumiewa\u0107 si\u0119 ze zwierz\u0119tami! Dzi\u0119ki tej niezwyk\u0142ej umiej\u0119tno\u015bci bez trudu rozpoznaje, co martwi jej ma\u0142ych pacjent\u00f3w i jak mo\u017cna im pom\u00f3c. W ka\u017cdej trudnej sytuacji towarzyszy jej wierny przyjaciel \u2014 piesek Popik. Tym razem Misia wraz z tat\u0105 wyrusza na wakacyjn\u0105 wypraw\u0119 pod namiot. Obozuj\u0105 nad Narwi\u0105, gdzie dziewczynka z zachwytem odkrywa uroki natury i cieszy si\u0119 noclegiem blisko przyrody. Wkr\u00f3tce poznaje niezwyk\u0142ych mieszka\u0144c\u00f3w okolicznych rozlewisk: wodn\u0105 \u017cab\u0119, rodzin\u0119 trzciniak\u00f3w oraz sprytn\u0105 wydr\u0119. Kiedy nowe zwierz\u0119ce znajomo\u015bci znajd\u0105 si\u0119 w niebezpiecze\u0144stwie, Misia i Popik po raz kolejny poka\u017c\u0105, \u017ce mo\u017cna na nich liczy\u0107. Zrobi\u0105 wszystko, aby uratowa\u0107 swoich podopiecznych i przywr\u00f3ci\u0107 im spok\u00f3j.<\/p>\n<h3><span class=\"ez-toc-section\" id=\"Mala_ksiega_madrosci_Kubusia_%E2%80%93_Brittany_Rubiano\"><\/span><a href=\"https:\/\/tezeusz.pl\/mala-ksiega-madrosci-kubusia-brittany-rubiano\">Ma\u0142a ksi\u0119ga m\u0105dro\u015bci Kubusia<\/a> &#8211; Brittany Rubiano<span class=\"ez-toc-section-end\"><\/span><\/h3>\n<p class=\"isSelectedEnd\">Kubu\u015b Puchatek \u2014 najbardziej lubiany mi\u015b na \u015bwiecie \u2014 cz\u0119sto okre\u015blany jest jako nied\u017awiadek o ma\u0142ym rozumku, cho\u0107 tak naprawd\u0119 kryje w sobie ogromn\u0105 \u017cyciow\u0105 m\u0105dro\u015b\u0107. W tym wyj\u0105tkowym zbiorze znajdziesz pe\u0142ne uroku, inspiruj\u0105ce i zawsze aktualne cytaty na r\u00f3\u017cne okazje, pochodz\u0105ce od mieszka\u0144c\u00f3w Stumilowego Lasu: Kubusia oraz jego niezast\u0105pionych przyjaci\u00f3\u0142. Ich trafne, zabawne i niejednokrotnie zaskakuj\u0105ce przemy\u015blenia o byciu sob\u0105, przyja\u017ani, planowaniu, a tak\u017ce o sprawach wa\u017cnych i zupe\u0142nie b\u0142ahych nie tylko wywo\u0142uj\u0105 u\u015bmiech, lecz tak\u017ce zach\u0119caj\u0105 do zatrzymania si\u0119 na chwil\u0119 i refleksji.<\/p>\n<h2><span class=\"ez-toc-section\" id=\"Ksiazeczki_edukacyjne_dla_dzieci_%E2%80%93_odkrywaj_swiat_przez_czytanie\"><\/span>Ksi\u0105\u017ceczki edukacyjne dla dzieci \u2013 odkrywaj \u015bwiat przez czytanie<span class=\"ez-toc-section-end\"><\/span><\/h2>\n<h3><span class=\"ez-toc-section\" id=\"Poznaje_literki_Koloruje_i_wycinam_%E2%80%93_Olga_Klodnicka\"><\/span><a href=\"https:\/\/tezeusz.pl\/poznaje-literki-koloruje-i-wycinam-klodnicka-olga\">Poznaj\u0119 literki. Koloruj\u0119 i wycinam<\/a> &#8211; Olga K\u0142odnicka<span class=\"ez-toc-section-end\"><\/span><\/h3>\n<p class=\"isSelectedEnd\">Nauka alfabetu mo\u017ce by\u0107 dla dziecka sporym wyzwaniem. Warto si\u0119gn\u0105\u0107 po ksi\u0105\u017ck\u0119 \u201ePoznaj\u0119 literki. Koloruj\u0119 i wycinam\u201d, kt\u00f3ra w ciekawy spos\u00f3b wspiera najm\u0142odszych w poznawaniu liter. W \u015brodku dzieci znajd\u0105 wzory liter drukowanych i pisanych, kreatywne kolorowanki z literowymi oznaczeniami, a tak\u017ce zadania polegaj\u0105ce na wycinaniu i naklejaniu obrazk\u00f3w. \u0106wiczenia zawarte w publikacji pomagaj\u0105 rozwija\u0107 nie tylko zdolno\u015bci poznawcze, ale r\u00f3wnie\u017c koordynacj\u0119 ruchow\u0105, sprawno\u015b\u0107 d\u0142oni oraz umiej\u0119tno\u015b\u0107 skupienia uwagi. Nowoczesna, estetyczna oprawa graficzna dodatkowo zach\u0119ca dzieci do samodzielnej pracy i sprawia, \u017ce nauka liter staje si\u0119 przyjemn\u0105 zabaw\u0105.<\/p>\n<h3><span class=\"ez-toc-section\" id=\"Nauka_czytania_%E2%80%93_Agnieszka_Lubkowska\"><\/span><a href=\"https:\/\/tezeusz.pl\/nauka-czytania-agnieszka-lubkowska\">Nauka czytania<\/a> &#8211; Agnieszka \u0141ubkowska<span class=\"ez-toc-section-end\"><\/span><\/h3>\n<p class=\"isSelectedEnd\">Nauka czytania mo\u017ce by\u0107 \u0142atwa i przyjemna! Ta ksi\u0105\u017cka zosta\u0142a przygotowana z my\u015bl\u0105 o dzieciach, kt\u00f3re dopiero rozpoczynaj\u0105 swoj\u0105 przygod\u0119 z czytaniem, a tak\u017ce o tych, kt\u00f3re ju\u017c podj\u0119\u0142y pierwsze pr\u00f3by, lecz potrzebuj\u0105 dodatkowego wsparcia w rozwijaniu tej umiej\u0119tno\u015bci. Czytelna czcionka oraz wi\u0119ksze odst\u0119py mi\u0119dzy wersami u\u0142atwiaj\u0105 sk\u0142adanie liter i wyraz\u00f3w, natomiast ciekawe teksty pe\u0142ne informacji o przyrodzie, zwierz\u0119tach i niezwyk\u0142ych zjawiskach zachodz\u0105cych na \u015bwiecie pomagaj\u0105 utrzyma\u0107 uwag\u0119 oraz zainteresowanie dziecka. Przemy\u015blany uk\u0142ad i forma publikacji pozwalaj\u0105 skupi\u0107 si\u0119 na jednym zagadnieniu krok po kroku. Ksi\u0105\u017cka zosta\u0142a podzielona na trzy etapy: poznawanie liter, nauk\u0119 sylab oraz czytanie ca\u0142ych wyraz\u00f3w \u2014 od naj\u0142atwiejszych po bardziej wymagaj\u0105ce. Ka\u017cda cz\u0119\u015b\u0107 zawiera r\u00f3wnie\u017c specjalnie opracowane \u0107wiczenia wspieraj\u0105ce rozw\u00f3j s\u0142uchu fonemowego. Publikacja b\u0119dzie warto\u015bciow\u0105 pomoc\u0105 zar\u00f3wno dla rodzic\u00f3w, jak i nauczycieli oraz terapeut\u00f3w pracuj\u0105cych z dzie\u0107mi.<\/p>\n<h3><span class=\"ez-toc-section\" id=\"Liczymy_razem_%E2%80%93_Anno_Mitsumasa\"><\/span><a href=\"https:\/\/tezeusz.pl\/liczymy-razem-anno-mitsumasa\">Liczymy razem<\/a> &#8211; Anno Mitsumasa<span class=\"ez-toc-section-end\"><\/span><\/h3>\n<p class=\"isSelectedEnd\">Czy mo\u017cna znale\u017a\u0107 ksi\u0105\u017ck\u0119, kt\u00f3ra pomaga dziecku nauczy\u0107 si\u0119 liczenia, pozna\u0107 pory roku, miesi\u0105ce oraz godziny, a jednocze\u015bnie rozwija wyobra\u017ani\u0119 i zach\u0119ca do kreatywnej zabawy? Oczywi\u015bcie, \u017ce tak! Najm\u0142odsi, kt\u00f3rzy dopiero rozpoczynaj\u0105 swoj\u0105 przygod\u0119 z matematyk\u0105 i nie znaj\u0105 jeszcze cyfr ani nie potrafi\u0105 czyta\u0107, mog\u0105 nauczy\u0107 si\u0119 por\u00f3wnywania oraz liczenia dzi\u0119ki zasadzie jeden do jednego. Autor wykorzysta\u0142 t\u0119 metod\u0119 jako podstaw\u0119 swojej publikacji i przygotowa\u0142 kilkana\u015bcie wyj\u0105tkowych plansz. Ka\u017cda z nich zosta\u0142a po\u015bwi\u0119cona innej liczbie oraz kolejnemu miesi\u0105cowi roku, a r\u00f3wnocze\u015bnie przedstawia nast\u0119pny etap rozbudowy i rozwoju pewnej niezwyk\u0142ej osady. Dzi\u0119ki temu nauka staje si\u0119 fascynuj\u0105c\u0105 podr\u00f3\u017c\u0105 pe\u0142n\u0105 odkry\u0107 i zabawy.<\/p>\n<h3><span class=\"ez-toc-section\" id=\"Czytanki_sylabowe_z_obrazkami_%E2%80%93_Anna_Sojka\"><\/span><a href=\"https:\/\/tezeusz.pl\/czytanki-sylabowe-z-obrazkami-anna-sojka\">Czytanki sylabowe z obrazkami<\/a> &#8211; Anna S\u00f3jka<span class=\"ez-toc-section-end\"><\/span><\/h3>\n<p class=\"isSelectedEnd\">W tekstach wybrane wyrazy zosta\u0142y zast\u0105pione ilustracjami, dzi\u0119ki czemu dzieci mog\u0105 aktywniej bra\u0107 udzia\u0142 w czytaniu i \u0142atwiej pod\u0105\u017ca\u0107 za tre\u015bci\u0105. Dodatkowym wsparciem jest podzia\u0142 s\u0142\u00f3w na sylaby, kt\u00f3ry pomaga pocz\u0105tkuj\u0105cym czytelnikom w p\u0142ynnym sk\u0142adaniu wyraz\u00f3w. Metoda sylabowa uznawana jest za jedn\u0105 z najbardziej efektywnych technik nauki czytania. Pozwala ograniczy\u0107 \u017cmudne literowanie i wspiera rozwijanie umiej\u0119tno\u015bci czytania ze zrozumieniem. Kr\u00f3tkie opowiadania z jasnym i warto\u015bciowym przes\u0142aniem zach\u0119caj\u0105 dzieci do rozm\u00f3w o losach bohater\u00f3w, rozwijaj\u0105 skupienie oraz przygotowuj\u0105 je do samodzielnego si\u0119gania po coraz d\u0142u\u017csze ksi\u0105\u017cki.<\/p>\n<h2><span class=\"ez-toc-section\" id=\"Jak_wybrac_najlepsze_ksiazki_dla_dzieci_Przewodnik_dla_rodzicow\"><\/span>Jak wybra\u0107 najlepsze ksi\u0105\u017cki dla dzieci? Przewodnik dla rodzic\u00f3w<span class=\"ez-toc-section-end\"><\/span><\/h2>\n<p>Odpowiedni wyb\u00f3r ksi\u0105\u017cek to klucz do rozwoju czytelniczej pasji, dlatego warto wybiera\u0107 ksi\u0105\u017cki idealnie dopasowane do potrzeb ma\u0142ych odbiorc\u00f3w. Na pocz\u0105tkowym etapie \u015bwietnie sprawdz\u0105 si\u0119 ksi\u0105\u017cki obrazkowe oraz publikacje logopedyczne, kt\u00f3re wspieraj\u0105 rozw\u00f3j mowy dziecka. Z kolei ksi\u0105\u017cki edukacyjne dla dzieci \u2013 szczeg\u00f3lnie te kreatywne i aktywizuj\u0105ce \u2013 doskonale pomog\u0105 w nauce pisania, liczenia czy pierwszych liter. Dla starszych pociech, a zw\u0142aszcza je\u015bli chodzi o dzieci w wieku szkolnym, \u015bwietnym rozwi\u0105zaniem b\u0119d\u0105 publikacje popularnonaukowe oraz ciekawe ksi\u0105\u017cki przygodowe, kt\u00f3re pobudzaj\u0105 wyobra\u017ani\u0119 dzieci. Tego typu lektury nie tylko rozwijaj\u0105 wyobra\u017ani\u0119 i zach\u0119caj\u0105 do samodzielnego odkrywania \u015bwiata, ale te\u017c \u0142\u0105cz\u0105 nauk\u0119 z dobr\u0105 zabaw\u0105. Si\u0119gaj\u0105c po m\u0105dre ksi\u0105\u017cki dla dzieci, inwestujemy w ich przysz\u0142o\u015b\u0107 oraz naturaln\u0105 ciekawo\u015b\u0107. Pami\u0119tajmy r\u00f3wnie\u017c, \u017ce codzienne czytanie ksi\u0105\u017cek dzieciom to doskona\u0142a okazja do budowania wi\u0119zi i sp\u0119dzania czasu w atmosferze blisko\u015bci i niezapomnianych wspomnie\u0144.<\/p>\n<p><strong>Najlepsze ksi\u0105\u017cki dla dzieci znajdziesz w internetowej ksi\u0119garni <a href=\"https:\/\/tezeusz.pl\/szukaj?cid=356&amp;cena=0%3B10000&amp;rok_od=2016&amp;rok_do=2026&amp;tylko_dostepne=1&amp;trafnosc_najwieksza\">Tezeusz.pl<\/a><\/strong><\/p>\n","protected":false},"excerpt":{"rendered":"<p>Ksi\u0105\u017cki dla dzieci to wyj\u0105tkowy spos\u00f3b na wspieranie rozwoju najm\u0142odszych czytelnik\u00f3w i rozbudzanie ich ciekawo\u015bci \u015bwiata. Starannie wybrane tytu\u0142y, dopasowane do dzieci w r\u00f3\u017cnym wieku, pomagaj\u0105 rozwija\u0107 wyobra\u017ani\u0119, zainteresowania oraz wa\u017cne umiej\u0119tno\u015bci emocjonalne. W\u015br\u00f3d propozycji znajduj\u0105 si\u0119 ilustrowane bajki dla dzieci, ksi\u0105\u017cki o emocjach, ksi\u0105\u017cki [&hellip;]<\/p>\n","protected":false},"author":23,"featured_media":6667,"comment_status":"open","ping_status":"open","sticky":false,"template":"","format":"standard","meta":{"_acf_changed":false,"footnotes":""},"categories":[8],"acf":[],"_links":{"self":[{"href":"https:\/\/tezeusz.pl\/blog\/wp-json\/wp\/v2\/posts\/6664"}],"collection":[{"href":"https:\/\/tezeusz.pl\/blog\/wp-json\/wp\/v2\/posts"}],"about":[{"href":"https:\/\/tezeusz.pl\/blog\/wp-json\/wp\/v2\/types\/post"}],"author":[{"embeddable":true,"href":"https:\/\/tezeusz.pl\/blog\/wp-json\/wp\/v2\/users\/23"}],"replies":[{"embeddable":true,"href":"https:\/\/tezeusz.pl\/blog\/wp-json\/wp\/v2\/comments?post=6664"}],"version-history":[{"count":2,"href":"https:\/\/tezeusz.pl\/blog\/wp-json\/wp\/v2\/posts\/6664\/revisions"}],"predecessor-version":[{"id":6668,"href":"https:\/\/tezeusz.pl\/blog\/wp-json\/wp\/v2\/posts\/6664\/revisions\/6668"}],"wp:featuredmedia":[{"embeddable":true,"href":"https:\/\/tezeusz.pl\/blog\/wp-json\/wp\/v2\/media\/6667"}],"wp:attachment":[{"href":"https:\/\/tezeusz.pl\/blog\/wp-json\/wp\/v2\/media?parent=6664"}],"wp:term":[{"taxonomy":"category","embeddable":true,"href":"https:\/\/tezeusz.pl\/blog\/wp-json\/wp\/v2\/categories?post=6664"}],"curies":[{"name":"wp","href":"https:\/\/api.w.org\/{rel}","templated":true}]}}